{"id":8899,"date":"2024-01-30T16:07:49","date_gmt":"2024-01-30T15:07:49","guid":{"rendered":"https:\/\/www.portfrejus.fr\/la-mouette-de-port-frejus-labellisee-bip\/"},"modified":"2024-02-15T14:25:30","modified_gmt":"2024-02-15T13:25:30","slug":"la-mouette-de-port-frejus-etichettato-bip","status":"publish","type":"post","link":"https:\/\/www.portfrejus.fr\/it\/la-mouette-de-port-frejus-etichettato-bip\/","title":{"rendered":"\u00ab\u00a0LA MOUETTE DE PORT-FR\u00c9JUS\u00a0\u00bb ETICHETTATO BIP"},"content":{"rendered":"<h5 style=\"text-align: justify;\">Dal 2023, la pointu provenzale &#8220;La Mouette de Port-Fr\u00e9jus&#8221; \u00e8 stata dichiarata Barca di Interesse Culturale, insieme alla &#8220;Ville de Fr\u00e9jus !&#8221;<\/h5>\n<p>&nbsp;<\/p>\n<p><img loading=\"lazy\" decoding=\"async\" class=\"aligncenter wp-image-7997\" src=\"https:\/\/www.portfrejus.fr\/base\/uploads\/2024\/01\/fete-du-port-21-pointus-7.jpg\" alt=\"\" width=\"750\" height=\"500\" srcset=\"https:\/\/www.portfrejus.fr\/base\/uploads\/2024\/01\/fete-du-port-21-pointus-7.jpg 1000w, https:\/\/www.portfrejus.fr\/base\/uploads\/2024\/01\/fete-du-port-21-pointus-7-300x200.jpg 300w, https:\/\/www.portfrejus.fr\/base\/uploads\/2024\/01\/fete-du-port-21-pointus-7-768x511.jpg 768w\" sizes=\"(max-width: 750px) 100vw, 750px\" \/><\/p>\n<p>&#8220;La Mouette&#8221; \u00e8 una <span style=\"color: #000080;\"><strong>barca tradizionale marsigliese<\/strong><\/span> di 98 anni : <span style=\"color: #000080;\"><strong>costruita nel 1927<\/strong><\/span> da uno dei migliori maestri d&#8217;ascia,<span style=\"color: #000080;\"><strong> Ruoppolo<\/strong><\/span>, di Marsiglia. \u00c8 stata utilizzata come piccola barca da pesca fino agli anni &#8217;80.<\/p>\n<p>&#8220;Il gabbiano&#8221; apparteneva a un olandese in vacanza in Costa Azzurra, che decise di venderlo agli appassionati per preservare questo patrimonio francese. \u00c8 stata quindi acquistata da Port-Fr\u00e9jus nel 2019, poi affidata <span style=\"color: #000080;\"><strong>all&#8217;associazione Les Voiles Latines de Fr\u00e9jus<\/strong><\/span> al fine di valorizzare il patrimonio marittimo della regione.<\/p>\n<p>Da allora, \u00e8 stato restaurato e funge da supporto per le regolari gite in mare. Ogni estate, \u00e8 la star del mercoled\u00ec sera! I concerti si svolgono a bordo, all&#8217;altezza dell&#8217;isolotto, nell&#8217;ambito delle Festives des Voiles Latines.<\/p>\n<p>Grazie all&#8217;associazione Les Voiles Latines de Fr\u00e9jus per il suo lavoro di restauro e la sua partecipazione alle nostre attivit\u00e0 !<\/p>\n<hr \/>\n<p style=\"text-align: justify;\"><span class=\"ww_bleu\"><em><strong>Che cos&#8217;\u00e8 l&#8217;etichetta BIP ?<\/strong><\/em><\/span><\/p>\n<p style=\"text-align: justify;\">Il marchio &#8220;Barca di interesse culturale&#8221; \u00e8 assegnato dall&#8217;Ufficio del patrimonio marittimo e fluviale, creato nel 1992 con la decisione di preservare l&#8217;eccezionale patrimonio marittimo e fluviale francese e preservarlo nella storia.<\/p>\n<p><span style=\"color: #000000;\"><em>Per fare ci\u00f2, la barca presentata deve soddisfare 3 criteri:<\/em><\/span><\/p>\n<p><span style=\"color: #000000;\"><em>Testimonianza umana: una barca che testimonia un uomo o il suo lavoro<\/em><\/span><br \/>\n<span style=\"color: #000000;\"><em>Testimonianza concettuale o tecnica: l&#8217;imbarcazione testimonia un particolare concetto architettonico e\/o una notevole evoluzione tecnica<\/em><\/span><br \/>\n<span style=\"color: #000000;\"><em>La testimonianza dell&#8217;evento: barca con un record sportivo eccezionale, o che ha praticato un&#8217;attivit\u00e0 passata o utilizzando tecniche passate.<\/em><\/span><\/p>\n<p>&nbsp;<\/p>\n<p>Oggi, pi\u00f9 di <strong>1650 barche<\/strong> hanno il marchio BIP. E&#8217; quindi un onore per il nostro Gabbiano indossare questo nuovo titolo!<\/p>\n<p><strong>Si pu\u00f2 andare a contemplarla sul Quai des Pointus, sull&#8217;isolotto del porto.<\/strong><\/p>\n<p>&nbsp;<\/p>\n<p>Maggiori informazioni sul Gabbiano : <strong>https:\/\/www.patrimoine-maritime-fluvial.org\/navires\/mouette\/<\/strong><\/p>\n<p>Maggiori informazioni sul BIP sul sito del Patrimonio Marittimo e Fluviale : <strong>https:\/\/www.patrimoine-maritime-fluvial.org\/<\/strong><\/p>\n<p>Maggiori informazioni su Les Voiles Latines de Fr\u00e9jus e le gite in mare : <strong>https:\/\/bit.ly\/3HBlSgz<\/strong><\/p>\n","protected":false},"excerpt":{"rendered":"<p>Dal 2023, la pointu provenzale &#8220;La Mouette de Port-Fr\u00e9jus&#8221; \u00e8 stata dichiarata Barca di Interesse Culturale, insieme alla &#8220;Ville de Fr\u00e9jus !&#8221; &nbsp; &#8220;La Mouette&#8221; \u00e8 una barca tradizionale marsigliese di 98 anni : costruita nel 1927 da uno dei migliori maestri d&#8217;ascia, Ruoppolo, di Marsiglia. \u00c8 stata utilizzata come piccola barca da pesca fino &hellip; <a href=\"https:\/\/www.portfrejus.fr\/it\/la-mouette-de-port-frejus-etichettato-bip\/\">Continued<\/a><\/p>\n","protected":false},"author":6,"featured_media":0,"comment_status":"closed","ping_status":"closed","sticky":false,"template":"","format":"standard","meta":{"_acf_changed":false,"footnotes":""},"categories":[42],"tags":[],"class_list":["post-8899","post","type-post","status-publish","format-standard","hentry","category-vie-du-port-it"],"acf":[],"_links":{"self":[{"href":"https:\/\/www.portfrejus.fr\/it\/wp-json\/wp\/v2\/posts\/8899"}],"collection":[{"href":"https:\/\/www.portfrejus.fr\/it\/wp-json\/wp\/v2\/posts"}],"about":[{"href":"https:\/\/www.portfrejus.fr\/it\/wp-json\/wp\/v2\/types\/post"}],"author":[{"embeddable":true,"href":"https:\/\/www.portfrejus.fr\/it\/wp-json\/wp\/v2\/users\/6"}],"replies":[{"embeddable":true,"href":"https:\/\/www.portfrejus.fr\/it\/wp-json\/wp\/v2\/comments?post=8899"}],"version-history":[{"count":3,"href":"https:\/\/www.portfrejus.fr\/it\/wp-json\/wp\/v2\/posts\/8899\/revisions"}],"predecessor-version":[{"id":8907,"href":"https:\/\/www.portfrejus.fr\/it\/wp-json\/wp\/v2\/posts\/8899\/revisions\/8907"}],"wp:attachment":[{"href":"https:\/\/www.portfrejus.fr\/it\/wp-json\/wp\/v2\/media?parent=8899"}],"wp:term":[{"taxonomy":"category","embeddable":true,"href":"https:\/\/www.portfrejus.fr\/it\/wp-json\/wp\/v2\/categories?post=8899"},{"taxonomy":"post_tag","embeddable":true,"href":"https:\/\/www.portfrejus.fr\/it\/wp-json\/wp\/v2\/tags?post=8899"}],"curies":[{"name":"wp","href":"https:\/\/api.w.org\/{rel}","templated":true}]}}